{"id":5652,"date":"2026-09-02T07:21:37","date_gmt":"2026-09-02T05:21:37","guid":{"rendered":"https:\/\/www.ampipointservizimg.it\/?p=5652"},"modified":"2026-09-02T07:21:37","modified_gmt":"2026-09-02T05:21:37","slug":"bandi-brevetti-disegni-e-marchi","status":"publish","type":"post","link":"https:\/\/www.ampipointservizimg.it\/?p=5652","title":{"rendered":"Bandi Brevetti+, Disegni+ e Marchi+"},"content":{"rendered":"<p><mark class=\"MAeH\" data-sfc-root=\"ep\" data-wiz-uids=\"COoofc_s\" data-ved=\"2ahUKEwjRmPWTrM-WAxWygP0HHXOhORoQu4cTeggIAggBCBAQAQ\" data-complete=\"true\" data-sae=\"\" data-sfc-inited=\"2\" data-copy-service-computed-style=\"font-family: &quot;Google Sans&quot;, Arial, sans-serif; font-size: 16px; font-weight: 500; margin: 0px; text-decoration: none; border-bottom: 0px rgb(10, 10, 10);\">Il <strong class=\"rQesXe MPyX\" data-sfc-cp=\"\" data-sfc-root=\"ep\" data-complete=\"true\" data-copy-service-computed-style=\"font-family: &quot;Google Sans&quot;, Arial, sans-serif; font-size: 16px; font-weight: 500; margin: 0px; text-decoration: none; border-bottom: 0px rgb(10, 10, 10);\">Ministero delle Imprese e del Made in Italy (Mimit)<!--TgQPHd|||[]--><\/strong> ha rifinanziato i bandi <strong class=\"rQesXe MPyX\" data-sfc-cp=\"\" data-sfc-root=\"ep\" data-complete=\"true\" data-copy-service-computed-style=\"font-family: &quot;Google Sans&quot;, Arial, sans-serif; font-size: 16px; font-weight: 500; margin: 0px; text-decoration: none; border-bottom: 0px rgb(10, 10, 10);\">Brevetti+, Disegni+ e Marchi+<!--TgQPHd|||[]--><\/strong> con una dotazione complessiva di <strong class=\"rQesXe MPyX\" data-sfc-cp=\"\" data-sfc-root=\"ep\" data-complete=\"true\" data-copy-service-computed-style=\"font-family: &quot;Google Sans&quot;, Arial, sans-serif; font-size: 16px; font-weight: 500; margin: 0px; text-decoration: none; border-bottom: 0px rgb(10, 10, 10);\">32 milioni di euro per l&#8217;annualit\u00e0 2026<!--TgQPHd|||[]--><\/strong><!--TgQPHd|||[]--><\/mark>. Il decreto ministeriale \u00e8 stato pubblicato in Gazzetta Ufficiale il 29 agosto 2026. L&#8217;obiettivo \u00e8 sostenere le micro, piccole e medie imprese italiane nella tutela e nella valorizzazione economica della propriet\u00e0 industriale.<\/p>\n<p>L&#8217;emanazione dei singoli bandi attuativi con le date di apertura degli sportelli \u00e8 prevista <strong class=\"rQesXe MPyX\" data-sfc-cp=\"\" data-sfc-root=\"ep\" data-complete=\"true\" data-processed=\"true\" data-copy-service-computed-style=\"font-family: &quot;Google Sans&quot;, Arial, sans-serif; font-size: 16px; font-weight: 700; margin: 0px; text-decoration: none; border-bottom: 0px rgb(10, 10, 10);\">entro fine settembre 2026.<\/strong><\/p>\n<p><em>Sulla Gazzetta Ufficiale n. 200 del 29 agosto 2026, \u00e8 stato pubblicato il decreto direttoriale che dispone la riapertura, per l\u2019annualit\u00e0 2026, delle misure Brevetti+, Disegni+ e Marchi+,<\/em><\/p>\n<h3 class=\"otQkpb\" role=\"heading\" data-wiz-attrbind=\"aria-level=COoofc_1f\/fLk2Md\" data-sfc-root=\"ep\" data-complete=\"true\" data-processed=\"true\" data-copy-service-computed-style=\"font-family: &quot;Google Sans&quot;, Arial, sans-serif; font-size: 24px; font-weight: 500; margin: 24px 0px 12px; text-decoration: none; border-bottom: 0px rgb(10, 10, 10);\"><strong>Ripartizione dei Fondi<\/strong><\/h3>\n<div class=\"otQkpb\" role=\"heading\" data-animation-nesting=\"\" data-sfc-cp=\"\" data-wiz-attrbind=\"aria-level=COoofc_1f\/fLk2Md\" data-sfc-root=\"ep\" data-complete=\"true\" data-processed=\"true\" data-sae=\"\" data-copy-service-computed-style=\"font-family: &quot;Google Sans&quot;, Arial, sans-serif; font-size: 24px; font-weight: 500; margin: 24px 0px 12px; text-decoration: none; border-bottom: 0px rgb(10, 10, 10);\"><span class=\"iNqyIf\" data-sfc-cp=\"\" data-sfc-root=\"ep\" data-complete=\"true\" data-copy-service-computed-style=\"font-family: &quot;Google Sans&quot;, Arial, sans-serif; font-size: 16px; font-weight: 400; margin: 0px; text-decoration: none; border-bottom: 0px rgb(10, 10, 10);\"><strong class=\"rQesXe MPyX\" data-sfc-cp=\"\" data-sfc-root=\"ep\" data-complete=\"true\" data-copy-service-computed-style=\"font-family: &quot;Google Sans&quot;, Arial, sans-serif; font-size: 16px; font-weight: 700; margin: 0px; text-decoration: none; border-bottom: 0px rgb(10, 10, 10);\">Brevetti+ (20 milioni di euro):<\/strong> Finanzia l&#8217;acquisto di servizi specialistici per la valorizzazione economica e l&#8217;integrazione nei processi produttivi di brevetti di invenzione industriale.<\/span><\/div>\n<ul class=\"KsbFXc U6u95\" data-sfc-cp=\"\" data-sfc-root=\"ep\" data-ved=\"2ahUKEwjRmPWTrM-WAxWygP0HHXOhORoQ-7AUeggIAggBCCIQAA\" data-hveid=\"CAIIAQgiEAA\" data-complete=\"true\" data-processed=\"true\" data-copy-service-computed-style=\"font-family: &quot;Google Sans&quot;, Arial, sans-serif; font-size: 16px; font-weight: 400; margin: 12px 0px 16px; text-decoration: none; border-bottom: 0px rgb(10, 10, 10);\">\n<li class=\"Z1qcYe\" data-sfc-cp=\"\" data-sfc-root=\"ep\" data-hveid=\"CAIIAQgiEAY\" data-complete=\"true\" data-sae=\"\" data-copy-service-computed-style=\"font-family: &quot;Google Sans&quot;, Arial, sans-serif; font-size: 16px; font-weight: 400; margin: 0px 0px 12px; text-decoration: none; border-bottom: 0px rgb(10, 10, 10);\"><span class=\"iNqyIf\" data-sfc-cp=\"\" data-sfc-root=\"ep\" data-complete=\"true\" data-copy-service-computed-style=\"font-family: &quot;Google Sans&quot;, Arial, sans-serif; font-size: 16px; font-weight: 400; margin: 0px; text-decoration: none; border-bottom: 0px rgb(10, 10, 10);\"><strong class=\"rQesXe MPyX\" data-sfc-cp=\"\" data-sfc-root=\"ep\" data-complete=\"true\" data-copy-service-computed-style=\"font-family: &quot;Google Sans&quot;, Arial, sans-serif; font-size: 16px; font-weight: 700; margin: 0px; text-decoration: none; border-bottom: 0px rgb(10, 10, 10);\">Disegni+ (10 milioni di euro):<!--TgQPHd|||[]--><\/strong> Supporta le imprese nella messa in produzione e commercializzazione di disegni e modelli registrati.<!--TgQPHd|||[]--><\/span>\u00a0<!--TgQPHd|||[]--><\/li>\n<li class=\"Z1qcYe\" data-sfc-cp=\"\" data-sfc-root=\"ep\" data-hveid=\"CAIIAQgiEAs\" data-complete=\"true\" data-sae=\"\" data-copy-service-computed-style=\"font-family: &quot;Google Sans&quot;, Arial, sans-serif; font-size: 16px; font-weight: 400; margin: 0px 0px 12px; text-decoration: none; border-bottom: 0px rgb(10, 10, 10);\"><span class=\"iNqyIf\" data-sfc-cp=\"\" data-sfc-root=\"ep\" data-complete=\"true\" data-copy-service-computed-style=\"font-family: &quot;Google Sans&quot;, Arial, sans-serif; font-size: 16px; font-weight: 400; margin: 0px; text-decoration: none; border-bottom: 0px rgb(10, 10, 10);\"><strong class=\"rQesXe MPyX\" data-sfc-cp=\"\" data-sfc-root=\"ep\" data-complete=\"true\" data-copy-service-computed-style=\"font-family: &quot;Google Sans&quot;, Arial, sans-serif; font-size: 16px; font-weight: 700; margin: 0px; text-decoration: none; border-bottom: 0px rgb(10, 10, 10);\">Marchi+ (2 milioni di euro):<!--TgQPHd|||[]--><\/strong> Agevola la registrazione e la protezione dei marchi aziendali a livello dell&#8217;Unione Europea e internazionale<\/span><\/li>\n<\/ul>\n<h3 class=\"otQkpb\" role=\"heading\" data-wiz-attrbind=\"aria-level=COoofc_2c\/fLk2Md\" data-sfc-root=\"ep\" data-complete=\"true\" data-processed=\"true\" data-copy-service-computed-style=\"font-family: &quot;Google Sans&quot;, Arial, sans-serif; font-size: 24px; font-weight: 500; margin: 24px 0px 12px; text-decoration: none; border-bottom: 0px rgb(10, 10, 10);\"><strong>Caratteristiche delle Agevolazioni<\/strong><\/h3>\n<div class=\"otQkpb\" role=\"heading\" data-animation-nesting=\"\" data-sfc-cp=\"\" data-wiz-attrbind=\"aria-level=COoofc_2c\/fLk2Md\" data-sfc-root=\"ep\" data-complete=\"true\" data-processed=\"true\" data-sae=\"\" data-copy-service-computed-style=\"font-family: &quot;Google Sans&quot;, Arial, sans-serif; font-size: 24px; font-weight: 500; margin: 24px 0px 12px; text-decoration: none; border-bottom: 0px rgb(10, 10, 10);\"><strong class=\"rQesXe MPyX\" data-sfc-cp=\"\" data-sfc-root=\"ep\" data-complete=\"true\" data-copy-service-computed-style=\"font-family: &quot;Google Sans&quot;, Arial, sans-serif; font-size: 16px; font-weight: 700; margin: 0px; text-decoration: none; border-bottom: 0px rgb(10, 10, 10);\">Beneficiari:<\/strong> Micro, piccole e medie imprese (PMI) aventi sede in Italia.<\/div>\n<ul class=\"KsbFXc U6u95\" data-sfc-cp=\"\" data-sfc-root=\"ep\" data-ved=\"2ahUKEwjRmPWTrM-WAxWygP0HHXOhORoQ-7AUeggIAggBCCMQAA\" data-hveid=\"CAIIAQgjEAA\" data-complete=\"true\" data-processed=\"true\" data-copy-service-computed-style=\"font-family: &quot;Google Sans&quot;, Arial, sans-serif; font-size: 16px; font-weight: 400; margin: 12px 0px 16px; text-decoration: none; border-bottom: 0px rgb(10, 10, 10);\">\n<li class=\"Z1qcYe\" data-sfc-cp=\"\" data-sfc-root=\"ep\" data-hveid=\"CAIIAQgjEAI\" data-complete=\"true\" data-sae=\"\" data-copy-service-computed-style=\"font-family: &quot;Google Sans&quot;, Arial, sans-serif; font-size: 16px; font-weight: 400; margin: 0px 0px 12px; text-decoration: none; border-bottom: 0px rgb(10, 10, 10);\"><span class=\"iNqyIf\" data-sfc-cp=\"\" data-sfc-root=\"ep\" data-complete=\"true\" data-copy-service-computed-style=\"font-family: &quot;Google Sans&quot;, Arial, sans-serif; font-size: 16px; font-weight: 400; margin: 0px; text-decoration: none; border-bottom: 0px rgb(10, 10, 10);\"><strong class=\"rQesXe MPyX\" data-sfc-cp=\"\" data-sfc-root=\"ep\" data-complete=\"true\" data-copy-service-computed-style=\"font-family: &quot;Google Sans&quot;, Arial, sans-serif; font-size: 16px; font-weight: 700; margin: 0px; text-decoration: none; border-bottom: 0px rgb(10, 10, 10);\">Tipo di incentivo:<!--TgQPHd|||[]--><\/strong> Contributi a fondo perduto che storicamente coprono fino all&#8217;80% o 85% delle spese ammissibili.<!--TgQPHd|||[]--><\/span><!--TgQPHd|||[]--><\/li>\n<li class=\"Z1qcYe\" data-sfc-cp=\"\" data-sfc-root=\"ep\" data-hveid=\"CAIIAQgjEAM\" data-complete=\"true\" data-sae=\"\" data-copy-service-computed-style=\"font-family: &quot;Google Sans&quot;, Arial, sans-serif; font-size: 16px; font-weight: 400; margin: 0px 0px 12px; text-decoration: none; border-bottom: 0px rgb(10, 10, 10);\"><span class=\"iNqyIf\" data-sfc-cp=\"\" data-sfc-root=\"ep\" data-complete=\"true\" data-copy-service-computed-style=\"font-family: &quot;Google Sans&quot;, Arial, sans-serif; font-size: 16px; font-weight: 400; margin: 0px; text-decoration: none; border-bottom: 0px rgb(10, 10, 10);\"><strong class=\"rQesXe MPyX\" data-sfc-cp=\"\" data-sfc-root=\"ep\" data-complete=\"true\" data-copy-service-computed-style=\"font-family: &quot;Google Sans&quot;, Arial, sans-serif; font-size: 16px; font-weight: 700; margin: 0px; text-decoration: none; border-bottom: 0px rgb(10, 10, 10);\">Modalit\u00e0 di assegnazione:<!--TgQPHd|||[]--><\/strong> I bandi seguiranno la procedura valutativa a sportello, basata sull&#8217;<strong class=\"rQesXe MPyX\" data-sfc-cp=\"\" data-sfc-root=\"ep\" data-complete=\"true\" data-copy-service-computed-style=\"font-family: &quot;Google Sans&quot;, Arial, sans-serif; font-size: 16px; font-weight: 700; margin: 0px; text-decoration: none; border-bottom: 0px rgb(10, 10, 10);\">ordine cronologico di presentazione<!--TgQPHd|||[]--><\/strong> delle domande fino a esaurimento dei fondi.<\/span><\/li>\n<\/ul>\n<h3 class=\"otQkpb\" role=\"heading\" data-wiz-attrbind=\"aria-level=e8UqBb_12\/fLk2Md\" data-sfc-root=\"ep\" data-complete=\"true\" data-processed=\"true\" data-copy-service-computed-style=\"font-family: &quot;Google Sans&quot;, Arial, sans-serif; font-size: 24px; font-weight: 500; margin: 24px 0px 12px; text-decoration: none; border-bottom: 0px rgb(10, 10, 10);\"><strong>Requisiti Generali per l&#8217;Impresa<\/strong><\/h3>\n<div class=\"otQkpb\" role=\"heading\" data-animation-nesting=\"\" data-sfc-cp=\"\" data-wiz-attrbind=\"aria-level=e8UqBb_12\/fLk2Md\" data-sfc-root=\"ep\" data-complete=\"true\" data-processed=\"true\" data-sae=\"\" data-copy-service-computed-style=\"font-family: &quot;Google Sans&quot;, Arial, sans-serif; font-size: 24px; font-weight: 500; margin: 24px 0px 12px; text-decoration: none; border-bottom: 0px rgb(10, 10, 10);\"><!--TgQPHd|||[]-->Le aziende richiedenti devono possedere queste caratteristiche al momento della domanda:<!--TgQPHd|||[]--><\/div>\n<ul class=\"KsbFXc U6u95\" data-sfc-cp=\"\" data-sfc-root=\"ep\" data-ved=\"2ahUKEwiJ6uDDrM-WAxV4_rsIHUQeMBAQ-7AUegYIAAgJEAA\" data-hveid=\"CAAICRAA\" data-complete=\"true\" data-processed=\"true\" data-copy-service-computed-style=\"font-family: &quot;Google Sans&quot;, Arial, sans-serif; font-size: 16px; font-weight: 400; margin: 12px 0px 16px; text-decoration: none; border-bottom: 0px rgb(10, 10, 10);\">\n<li>\n<ul class=\"KsbFXc U6u95\" data-sfc-cp=\"\" data-sfc-root=\"ep\" data-ved=\"2ahUKEwiJ6uDDrM-WAxV4_rsIHUQeMBAQ-7AUegYIAAgJEAA\" data-hveid=\"CAAICRAA\" data-complete=\"true\" data-processed=\"true\" data-copy-service-computed-style=\"font-family: &quot;Google Sans&quot;, Arial, sans-serif; font-size: 16px; font-weight: 400; margin: 12px 0px 16px; text-decoration: none; border-bottom: 0px rgb(10, 10, 10);\">\n<li class=\"Z1qcYe\" data-sfc-cp=\"\" data-sfc-root=\"ep\" data-hveid=\"CAAICRAB\" data-complete=\"true\" data-sae=\"\" data-copy-service-computed-style=\"font-family: &quot;Google Sans&quot;, Arial, sans-serif; font-size: 16px; font-weight: 400; margin: 0px 0px 12px; text-decoration: none; border-bottom: 0px rgb(10, 10, 10);\"><span class=\"iNqyIf\" data-sfc-cp=\"\" data-sfc-root=\"ep\" data-complete=\"true\" data-copy-service-computed-style=\"font-family: &quot;Google Sans&quot;, Arial, sans-serif; font-size: 16px; font-weight: 400; margin: 0px; text-decoration: none; border-bottom: 0px rgb(10, 10, 10);\"><strong class=\"rQesXe MPyX\" data-sfc-cp=\"\" data-sfc-root=\"ep\" data-complete=\"true\" data-copy-service-computed-style=\"font-family: &quot;Google Sans&quot;, Arial, sans-serif; font-size: 16px; font-weight: 700; margin: 0px; text-decoration: none; border-bottom: 0px rgb(10, 10, 10);\">Dimensione:<!--TgQPHd|||[]--><\/strong> Qualifica di Micro, Piccola o Media Impresa (PMI).<!--TgQPHd|||[]--><\/span><!--TgQPHd|||[]--><\/li>\n<li class=\"Z1qcYe\" data-sfc-cp=\"\" data-sfc-root=\"ep\" data-hveid=\"CAAICRAC\" data-complete=\"true\" data-sae=\"\" data-copy-service-computed-style=\"font-family: &quot;Google Sans&quot;, Arial, sans-serif; font-size: 16px; font-weight: 400; margin: 0px 0px 12px; text-decoration: none; border-bottom: 0px rgb(10, 10, 10);\"><span class=\"iNqyIf\" data-sfc-cp=\"\" data-sfc-root=\"ep\" data-complete=\"true\" data-copy-service-computed-style=\"font-family: &quot;Google Sans&quot;, Arial, sans-serif; font-size: 16px; font-weight: 400; margin: 0px; text-decoration: none; border-bottom: 0px rgb(10, 10, 10);\"><strong class=\"rQesXe MPyX\" data-sfc-cp=\"\" data-sfc-root=\"ep\" data-complete=\"true\" data-copy-service-computed-style=\"font-family: &quot;Google Sans&quot;, Arial, sans-serif; font-size: 16px; font-weight: 700; margin: 0px; text-decoration: none; border-bottom: 0px rgb(10, 10, 10);\">Sede:<!--TgQPHd|||[]--><\/strong> Sede legale e operativa attiva sul territorio italiano.<!--TgQPHd|||[]--><\/span><!--TgQPHd|||[]--><\/li>\n<li class=\"Z1qcYe\" data-sfc-cp=\"\" data-sfc-root=\"ep\" data-hveid=\"CAAICRAD\" data-complete=\"true\" data-sae=\"\" data-copy-service-computed-style=\"font-family: &quot;Google Sans&quot;, Arial, sans-serif; font-size: 16px; font-weight: 400; margin: 0px 0px 12px; text-decoration: none; border-bottom: 0px rgb(10, 10, 10);\"><span class=\"iNqyIf\" data-sfc-cp=\"\" data-sfc-root=\"ep\" data-complete=\"true\" data-copy-service-computed-style=\"font-family: &quot;Google Sans&quot;, Arial, sans-serif; font-size: 16px; font-weight: 400; margin: 0px; text-decoration: none; border-bottom: 0px rgb(10, 10, 10);\"><strong class=\"rQesXe MPyX\" data-sfc-cp=\"\" data-sfc-root=\"ep\" data-complete=\"true\" data-copy-service-computed-style=\"font-family: &quot;Google Sans&quot;, Arial, sans-serif; font-size: 16px; font-weight: 700; margin: 0px; text-decoration: none; border-bottom: 0px rgb(10, 10, 10);\">Registro Imprese:<!--TgQPHd|||[]--><\/strong> Regolare iscrizione e posizione attiva al Registro delle Imprese.<!--TgQPHd|||[]--><\/span><!--TgQPHd|||[]--><\/li>\n<li class=\"Z1qcYe\" data-sfc-cp=\"\" data-sfc-root=\"ep\" data-hveid=\"CAAICRAE\" data-complete=\"true\" data-sae=\"\" data-copy-service-computed-style=\"font-family: &quot;Google Sans&quot;, Arial, sans-serif; font-size: 16px; font-weight: 400; margin: 0px 0px 12px; text-decoration: none; border-bottom: 0px rgb(10, 10, 10);\"><span class=\"iNqyIf\" data-sfc-cp=\"\" data-sfc-root=\"ep\" data-complete=\"true\" data-copy-service-computed-style=\"font-family: &quot;Google Sans&quot;, Arial, sans-serif; font-size: 16px; font-weight: 400; margin: 0px; text-decoration: none; border-bottom: 0px rgb(10, 10, 10);\"><strong class=\"rQesXe MPyX\" data-sfc-cp=\"\" data-sfc-root=\"ep\" data-complete=\"true\" data-copy-service-computed-style=\"font-family: &quot;Google Sans&quot;, Arial, sans-serif; font-size: 16px; font-weight: 700; margin: 0px; text-decoration: none; border-bottom: 0px rgb(10, 10, 10);\">Contributi:<!--TgQPHd|||[]--><\/strong> Regolarit\u00e0 contributiva attestata dal DURC positivo.<!--TgQPHd|||[]--><\/span><!--TgQPHd|||[]--><\/li>\n<li class=\"Z1qcYe\" data-sfc-cp=\"\" data-sfc-root=\"ep\" data-hveid=\"CAAICRAF\" data-complete=\"true\" data-sae=\"\" data-copy-service-computed-style=\"font-family: &quot;Google Sans&quot;, Arial, sans-serif; font-size: 16px; font-weight: 400; margin: 0px 0px 12px; text-decoration: none; border-bottom: 0px rgb(10, 10, 10);\"><span class=\"iNqyIf\" data-sfc-cp=\"\" data-sfc-root=\"ep\" data-complete=\"true\" data-copy-service-computed-style=\"font-family: &quot;Google Sans&quot;, Arial, sans-serif; font-size: 16px; font-weight: 400; margin: 0px; text-decoration: none; border-bottom: 0px rgb(10, 10, 10);\"><strong class=\"rQesXe MPyX\" data-sfc-cp=\"\" data-sfc-root=\"ep\" data-complete=\"true\" data-copy-service-computed-style=\"font-family: &quot;Google Sans&quot;, Arial, sans-serif; font-size: 16px; font-weight: 700; margin: 0px; text-decoration: none; border-bottom: 0px rgb(10, 10, 10);\">Stato societario:<!--TgQPHd|||[]--><\/strong> Pieno e libero esercizio dei propri diritti (no liquidazione o fallimento).<!--TgQPHd|||[]--><\/span><!--TgQPHd|||[]--><\/li>\n<\/ul>\n<\/li>\n<\/ul>\n<p><!--TgQPHd|||[]--><\/p>\n<div class=\"yhAwj\" data-sfc-cp=\"\" data-sfc-root=\"ep\" data-complete=\"true\" data-processed=\"true\" data-sfc-inited=\"2\" data-copy-service-computed-style=\"font-family: &quot;Google Sans&quot;, Arial, sans-serif; font-size: 14px; font-weight: 400; margin: 0px; text-decoration: none; border-bottom: 0px rgb(10, 10, 10);\"><!--TgQPHd|||[]--><\/div>\n<hr class=\"s6NV4e\" data-sfc-root=\"ep\" data-sfc-pl=\"|||[]\" data-complete=\"true\" data-processed=\"true\" data-sae=\"\" data-copy-service-computed-style=\"font-family: &quot;Google Sans&quot;, Arial, sans-serif; font-size: 14px; font-weight: 400; margin: 32px 0px; text-decoration: none; border-bottom: 0px rgb(128, 128, 128);\" \/>\n<div class=\"yhAwj\" data-sfc-cp=\"\" data-sfc-root=\"ep\" data-complete=\"true\" data-processed=\"true\" data-sfc-inited=\"2\" data-copy-service-computed-style=\"font-family: &quot;Google Sans&quot;, Arial, sans-serif; font-size: 14px; font-weight: 400; margin: 0px; text-decoration: none; border-bottom: 0px rgb(10, 10, 10);\"><!--TgQPHd|||[]--><\/div>\n<div class=\"otQkpb\" role=\"heading\" data-animation-nesting=\"\" data-sfc-cp=\"\" data-wiz-attrbind=\"aria-level=e8UqBb_1x\/fLk2Md\" data-sfc-root=\"ep\" data-complete=\"true\" data-processed=\"true\" data-sae=\"\" data-copy-service-computed-style=\"font-family: &quot;Google Sans&quot;, Arial, sans-serif; font-size: 24px; font-weight: 500; margin: 24px 0px 12px; text-decoration: none; border-bottom: 0px rgb(10, 10, 10);\">\n<h3 class=\"otQkpb\" role=\"heading\" data-wiz-attrbind=\"aria-level=e8UqBb_1x\/fLk2Md\" data-sfc-root=\"ep\" data-complete=\"true\" data-processed=\"true\" data-copy-service-computed-style=\"font-family: &quot;Google Sans&quot;, Arial, sans-serif; font-size: 24px; font-weight: 500; margin: 24px 0px 12px; text-decoration: none; border-bottom: 0px rgb(10, 10, 10);\"><strong>Requisiti Specifici per Tipo di Bando<\/strong><\/h3>\n<div class=\"otQkpb\" role=\"heading\" data-animation-nesting=\"\" data-sfc-cp=\"\" data-wiz-attrbind=\"aria-level=e8UqBb_1x\/fLk2Md\" data-sfc-root=\"ep\" data-complete=\"true\" data-processed=\"true\" data-sae=\"\" data-copy-service-computed-style=\"font-family: &quot;Google Sans&quot;, Arial, sans-serif; font-size: 24px; font-weight: 500; margin: 24px 0px 12px; text-decoration: none; border-bottom: 0px rgb(10, 10, 10);\"><!--TgQPHd|||[]--><strong class=\"rQesXe MPyX\" data-sfc-cp=\"\" data-sfc-root=\"ep\" data-complete=\"true\" data-copy-service-computed-style=\"font-family: &quot;Google Sans&quot;, Arial, sans-serif; font-size: 20px; font-weight: 600; margin: 0px; text-decoration: none; border-bottom: 0px rgb(10, 10, 10);\">1. Brevetti+<!--TgQPHd|||[]--><\/strong><!--TgQPHd|||[]--><\/div>\n<div class=\"yhAwj\" data-sfc-cp=\"\" data-sfc-root=\"ep\" data-complete=\"true\" data-processed=\"true\" data-sfc-inited=\"2\" data-copy-service-computed-style=\"font-family: &quot;Google Sans&quot;, Arial, sans-serif; font-size: 14px; font-weight: 400; margin: 0px; text-decoration: none; border-bottom: 0px rgb(10, 10, 10);\"><!--TgQPHd|||[]--><\/div>\n<div class=\"n6owBd awi2gc\" data-sfc-cp=\"\" data-sfc-root=\"ep\" data-hveid=\"CAAIDBAA\" data-complete=\"true\" data-processed=\"true\" data-copy-service-computed-style=\"font-family: &quot;Google Sans&quot;, Arial, sans-serif; font-size: 16px; font-weight: 400; margin: 12px 0px 16px; text-decoration: none; border-bottom: 0px rgb(10, 10, 10);\">L&#8217;impresa deve essere titolare o licenziataria esclusiva di un brevetto. Il titolo deve rispettare una di queste condizioni:<!--TgQPHd|||[]--><\/div>\n<ul class=\"KsbFXc U6u95\" data-sfc-cp=\"\" data-sfc-root=\"ep\" data-ved=\"2ahUKEwiJ6uDDrM-WAxV4_rsIHUQeMBAQ-7AUegYIAAgNEAA\" data-hveid=\"CAAIDRAA\" data-complete=\"true\" data-processed=\"true\" data-copy-service-computed-style=\"font-family: &quot;Google Sans&quot;, Arial, sans-serif; font-size: 16px; font-weight: 400; margin: 12px 0px 16px; text-decoration: none; border-bottom: 0px rgb(10, 10, 10);\">\n<li>\n<ul class=\"KsbFXc U6u95\" data-sfc-cp=\"\" data-sfc-root=\"ep\" data-ved=\"2ahUKEwiJ6uDDrM-WAxV4_rsIHUQeMBAQ-7AUegYIAAgNEAA\" data-hveid=\"CAAIDRAA\" data-complete=\"true\" data-processed=\"true\" data-copy-service-computed-style=\"font-family: &quot;Google Sans&quot;, Arial, sans-serif; font-size: 16px; font-weight: 400; margin: 12px 0px 16px; text-decoration: none; border-bottom: 0px rgb(10, 10, 10);\">\n<li class=\"Z1qcYe\" data-sfc-cp=\"\" data-sfc-root=\"ep\" data-hveid=\"CAAIDRAB\" data-complete=\"true\" data-sae=\"\" data-copy-service-computed-style=\"font-family: &quot;Google Sans&quot;, Arial, sans-serif; font-size: 16px; font-weight: 400; margin: 0px 0px 12px; text-decoration: none; border-bottom: 0px rgb(10, 10, 10);\"><span class=\"iNqyIf\" data-sfc-cp=\"\" data-sfc-root=\"ep\" data-complete=\"true\" data-copy-service-computed-style=\"font-family: &quot;Google Sans&quot;, Arial, sans-serif; font-size: 16px; font-weight: 400; margin: 0px; text-decoration: none; border-bottom: 0px rgb(10, 10, 10);\">Brevetto di invenzione industriale concesso in Italia dopo il 1\u00b0 gennaio 2023.<!--TgQPHd|||[]--><\/span><!--TgQPHd|||[]--><\/li>\n<li class=\"Z1qcYe\" data-sfc-cp=\"\" data-sfc-root=\"ep\" data-hveid=\"CAAIDRAC\" data-complete=\"true\" data-sae=\"\" data-copy-service-computed-style=\"font-family: &quot;Google Sans&quot;, Arial, sans-serif; font-size: 16px; font-weight: 400; margin: 0px 0px 12px; text-decoration: none; border-bottom: 0px rgb(10, 10, 10);\"><span class=\"iNqyIf\" data-sfc-cp=\"\" data-sfc-root=\"ep\" data-complete=\"true\" data-copy-service-computed-style=\"font-family: &quot;Google Sans&quot;, Arial, sans-serif; font-size: 16px; font-weight: 400; margin: 0px; text-decoration: none; border-bottom: 0px rgb(10, 10, 10);\">Brevetto europeo o internazionale concesso con designazione dell&#8217;Italia dopo il 1\u00b0 gennaio 2023.<!--TgQPHd|||[]--><\/span><!--TgQPHd|||[]--><\/li>\n<li class=\"Z1qcYe\" data-sfc-cp=\"\" data-sfc-root=\"ep\" data-hveid=\"CAAIDRAD\" data-complete=\"true\" data-sae=\"\" data-copy-service-computed-style=\"font-family: &quot;Google Sans&quot;, Arial, sans-serif; font-size: 16px; font-weight: 400; margin: 0px 0px 12px; text-decoration: none; border-bottom: 0px rgb(10, 10, 10);\"><span class=\"iNqyIf\" data-sfc-cp=\"\" data-sfc-root=\"ep\" data-complete=\"true\" data-copy-service-computed-style=\"font-family: &quot;Google Sans&quot;, Arial, sans-serif; font-size: 16px; font-weight: 400; margin: 0px; text-decoration: none; border-bottom: 0px rgb(10, 10, 10);\">Domanda di brevetto nazionale o europeo depositata, purch\u00e9 provvista di un <strong class=\"rQesXe MPyX\" data-sfc-cp=\"\" data-sfc-root=\"ep\" data-complete=\"true\" data-copy-service-computed-style=\"font-family: &quot;Google Sans&quot;, Arial, sans-serif; font-size: 16px; font-weight: 700; margin: 0px; text-decoration: none; border-bottom: 0px rgb(10, 10, 10);\">rapporto di ricerca con esito &#8220;non negativo&#8221;<!--TgQPHd|||[]--><\/strong>.<!--TgQPHd|||[]--><\/span><!--TgQPHd|||[]--><\/li>\n<\/ul>\n<\/li>\n<\/ul>\n<p><!--TgQPHd|||[]--><\/p>\n<div class=\"yhAwj\" data-sfc-cp=\"\" data-sfc-root=\"ep\" data-complete=\"true\" data-processed=\"true\" data-sfc-inited=\"2\" data-copy-service-computed-style=\"font-family: &quot;Google Sans&quot;, Arial, sans-serif; font-size: 14px; font-weight: 400; margin: 0px; text-decoration: none; border-bottom: 0px rgb(10, 10, 10);\"><!--TgQPHd|||[]--><\/div>\n<div class=\"AdPoic\" role=\"heading\" data-animation-nesting=\"\" data-sfc-cp=\"\" data-wiz-attrbind=\"aria-level=e8UqBb_2q\/fLk2Md\" data-sfc-root=\"ep\" data-complete=\"true\" data-processed=\"true\" data-sae=\"\" data-copy-service-computed-style=\"font-family: &quot;Google Sans&quot;, Arial, sans-serif; font-size: 20px; font-weight: 600; margin: 24px 0px 12px; text-decoration: none; border-bottom: 0px rgb(10, 10, 10);\"><strong class=\"rQesXe MPyX\" data-sfc-cp=\"\" data-sfc-root=\"ep\" data-complete=\"true\" data-copy-service-computed-style=\"font-family: &quot;Google Sans&quot;, Arial, sans-serif; font-size: 20px; font-weight: 600; margin: 0px; text-decoration: none; border-bottom: 0px rgb(10, 10, 10);\">2. Disegni+<!--TgQPHd|||[]--><\/strong><!--TgQPHd|||[]--><\/div>\n<div class=\"n6owBd awi2gc\" data-sfc-cp=\"\" data-sfc-root=\"ep\" data-hveid=\"CAAIDxAA\" data-complete=\"true\" data-processed=\"true\" data-copy-service-computed-style=\"font-family: &quot;Google Sans&quot;, Arial, sans-serif; font-size: 16px; font-weight: 400; margin: 12px 0px 16px; text-decoration: none; border-bottom: 0px rgb(10, 10, 10);\">L&#8217;agevolazione \u00e8 riservata alla valorizzazione di modelli e disegni industriali:<!--TgQPHd|||[]--><\/div>\n<ul class=\"KsbFXc U6u95\" data-sfc-cp=\"\" data-sfc-root=\"ep\" data-ved=\"2ahUKEwiJ6uDDrM-WAxV4_rsIHUQeMBAQ-7AUegYIAAgQEAA\" data-hveid=\"CAAIEBAA\" data-processed=\"true\" data-complete=\"true\" data-copy-service-computed-style=\"font-family: &quot;Google Sans&quot;, Arial, sans-serif; font-size: 16px; font-weight: 400; margin: 12px 0px 16px; text-decoration: none; border-bottom: 0px rgb(10, 10, 10);\">\n<li>\n<ul class=\"KsbFXc U6u95\" data-sfc-cp=\"\" data-sfc-root=\"ep\" data-ved=\"2ahUKEwiJ6uDDrM-WAxV4_rsIHUQeMBAQ-7AUegYIAAgQEAA\" data-hveid=\"CAAIEBAA\" data-processed=\"true\" data-complete=\"true\" data-copy-service-computed-style=\"font-family: &quot;Google Sans&quot;, Arial, sans-serif; font-size: 16px; font-weight: 400; margin: 12px 0px 16px; text-decoration: none; border-bottom: 0px rgb(10, 10, 10);\">\n<li class=\"Z1qcYe\" data-sfc-cp=\"\" data-sfc-root=\"ep\" data-hveid=\"CAAIEBAB\" data-complete=\"true\" data-sae=\"\" data-copy-service-computed-style=\"font-family: &quot;Google Sans&quot;, Arial, sans-serif; font-size: 16px; font-weight: 400; margin: 0px 0px 12px; text-decoration: none; border-bottom: 0px rgb(10, 10, 10);\"><span class=\"iNqyIf\" data-sfc-cp=\"\" data-sfc-root=\"ep\" data-complete=\"true\" data-copy-service-computed-style=\"font-family: &quot;Google Sans&quot;, Arial, sans-serif; font-size: 16px; font-weight: 400; margin: 0px; text-decoration: none; border-bottom: 0px rgb(10, 10, 10);\"><strong class=\"rQesXe MPyX\" data-sfc-cp=\"\" data-sfc-root=\"ep\" data-complete=\"true\" data-copy-service-computed-style=\"font-family: &quot;Google Sans&quot;, Arial, sans-serif; font-size: 16px; font-weight: 700; margin: 0px; text-decoration: none; border-bottom: 0px rgb(10, 10, 10);\">Registrazione:<!--TgQPHd|||[]--><\/strong> Il disegno\/modello deve essere gi\u00e0 registrato presso l&#8217;UIBM (Italia), l&#8217;EUIPO (Unione Europea) o l&#8217;OMPI (Internazionale).<!--TgQPHd|||[]--><\/span><!--TgQPHd|||[]--><\/li>\n<li class=\"Z1qcYe\" data-sfc-cp=\"\" data-sfc-root=\"ep\" data-hveid=\"CAAIEBAC\" data-sae=\"\" data-complete=\"true\" data-copy-service-computed-style=\"font-family: &quot;Google Sans&quot;, Arial, sans-serif; font-size: 16px; font-weight: 400; margin: 0px 0px 12px; text-decoration: none; border-bottom: 0px rgb(10, 10, 10);\"><span class=\"iNqyIf\" data-sfc-cp=\"\" data-sfc-root=\"ep\" data-complete=\"true\" data-copy-service-computed-style=\"font-family: &quot;Google Sans&quot;, Arial, sans-serif; font-size: 16px; font-weight: 400; margin: 0px; text-decoration: none; border-bottom: 0px rgb(10, 10, 10);\"><strong class=\"rQesXe MPyX\" data-sfc-cp=\"\" data-sfc-root=\"ep\" data-complete=\"true\" data-copy-service-computed-style=\"font-family: &quot;Google Sans&quot;, Arial, sans-serif; font-size: 16px; font-weight: 700; margin: 0px; text-decoration: none; border-bottom: 0px rgb(10, 10, 10);\">Tempistica:<!--TgQPHd|||[]--><\/strong> La data di registrazione deve essere successiva al 1\u00b0 gennaio 2022.<!--TgQPHd|||[]--><\/span><!--TgQPHd|||[]--><\/li>\n<li class=\"Z1qcYe\" data-sfc-cp=\"\" data-sfc-root=\"ep\" data-hveid=\"CAAIEBAD\" data-complete=\"true\" data-processed=\"true\" data-sae=\"\" data-copy-service-computed-style=\"font-family: &quot;Google Sans&quot;, Arial, sans-serif; font-size: 16px; font-weight: 400; margin: 0px 0px 12px; text-decoration: none; border-bottom: 0px rgb(10, 10, 10);\"><span class=\"iNqyIf\" data-sfc-cp=\"\" data-sfc-root=\"ep\" data-complete=\"true\" data-copy-service-computed-style=\"font-family: &quot;Google Sans&quot;, Arial, sans-serif; font-size: 16px; font-weight: 400; margin: 0px; text-decoration: none; border-bottom: 0px rgb(10, 10, 10);\"><strong class=\"rQesXe MPyX\" data-sfc-cp=\"\" data-sfc-root=\"ep\" data-complete=\"true\" data-copy-service-computed-style=\"font-family: &quot;Google Sans&quot;, Arial, sans-serif; font-size: 16px; font-weight: 700; margin: 0px; text-decoration: none; border-bottom: 0px rgb(10, 10, 10);\">Propriet\u00e0:<!--TgQPHd|||[]--><\/strong> L&#8217;impresa deve essere titolare esclusiva del disegno o modello.<!--TgQPHd|||[]--><\/span><!--TgQPHd|||[]--><\/li>\n<\/ul>\n<\/li>\n<\/ul>\n<p><!--TgQPHd|||[]--><\/p>\n<div class=\"yhAwj\" data-sfc-cp=\"\" data-sfc-root=\"ep\" data-complete=\"true\" data-processed=\"true\" data-sfc-inited=\"2\" data-copy-service-computed-style=\"font-family: &quot;Google Sans&quot;, Arial, sans-serif; font-size: 14px; font-weight: 400; margin: 0px; text-decoration: none; border-bottom: 0px rgb(10, 10, 10);\"><!--TgQPHd|||[]--><\/div>\n<div class=\"AdPoic\" role=\"heading\" data-animation-nesting=\"\" data-sfc-cp=\"\" data-wiz-attrbind=\"aria-level=e8UqBb_3j\/fLk2Md\" data-sfc-root=\"ep\" data-complete=\"true\" data-processed=\"true\" data-sae=\"\" data-copy-service-computed-style=\"font-family: &quot;Google Sans&quot;, Arial, sans-serif; font-size: 20px; font-weight: 600; margin: 24px 0px 12px; text-decoration: none; border-bottom: 0px rgb(10, 10, 10);\"><strong class=\"rQesXe MPyX\" data-sfc-cp=\"\" data-sfc-root=\"ep\" data-complete=\"true\" data-copy-service-computed-style=\"font-family: &quot;Google Sans&quot;, Arial, sans-serif; font-size: 20px; font-weight: 600; margin: 0px; text-decoration: none; border-bottom: 0px rgb(10, 10, 10);\">3. Marchi+<!--TgQPHd|||[]--><\/strong><!--TgQPHd|||[]--><\/div>\n<div class=\"n6owBd awi2gc\" data-sfc-cp=\"\" data-sfc-root=\"ep\" data-hveid=\"CAAIEhAA\" data-complete=\"true\" data-processed=\"true\" data-copy-service-computed-style=\"font-family: &quot;Google Sans&quot;, Arial, sans-serif; font-size: 16px; font-weight: 400; margin: 12px 0px 16px; text-decoration: none; border-bottom: 0px rgb(10, 10, 10);\">Il bando finanzia le spese per la tutela dei marchi all&#8217;estero. Prevede due linee distinte:<!--TgQPHd|||[]--><\/div>\n<ul class=\"KsbFXc U6u95\" data-sfc-cp=\"\" data-sfc-root=\"ep\" data-ved=\"2ahUKEwiJ6uDDrM-WAxV4_rsIHUQeMBAQ-7AUegYIAAgTEAA\" data-hveid=\"CAAIExAA\" data-complete=\"true\" data-processed=\"true\" data-copy-service-computed-style=\"font-family: &quot;Google Sans&quot;, Arial, sans-serif; font-size: 16px; font-weight: 400; margin: 12px 0px 16px; text-decoration: none; border-bottom: 0px rgb(10, 10, 10);\">\n<li>\n<ul class=\"KsbFXc U6u95\" data-sfc-cp=\"\" data-sfc-root=\"ep\" data-ved=\"2ahUKEwiJ6uDDrM-WAxV4_rsIHUQeMBAQ-7AUegYIAAgTEAA\" data-hveid=\"CAAIExAA\" data-complete=\"true\" data-processed=\"true\" data-copy-service-computed-style=\"font-family: &quot;Google Sans&quot;, Arial, sans-serif; font-size: 16px; font-weight: 400; margin: 12px 0px 16px; text-decoration: none; border-bottom: 0px rgb(10, 10, 10);\">\n<li class=\"Z1qcYe\" data-sfc-cp=\"\" data-sfc-root=\"ep\" data-hveid=\"CAAIExAB\" data-complete=\"true\" data-sae=\"\" data-copy-service-computed-style=\"font-family: &quot;Google Sans&quot;, Arial, sans-serif; font-size: 16px; font-weight: 400; margin: 0px 0px 12px; text-decoration: none; border-bottom: 0px rgb(10, 10, 10);\"><span class=\"iNqyIf\" data-sfc-cp=\"\" data-sfc-root=\"ep\" data-complete=\"true\" data-copy-service-computed-style=\"font-family: &quot;Google Sans&quot;, Arial, sans-serif; font-size: 16px; font-weight: 400; margin: 0px; text-decoration: none; border-bottom: 0px rgb(10, 10, 10);\"><strong class=\"rQesXe MPyX\" data-sfc-cp=\"\" data-sfc-root=\"ep\" data-complete=\"true\" data-copy-service-computed-style=\"font-family: &quot;Google Sans&quot;, Arial, sans-serif; font-size: 16px; font-weight: 700; margin: 0px; text-decoration: none; border-bottom: 0px rgb(10, 10, 10);\">Linea A:<!--TgQPHd|||[]--><\/strong> Registrazione di un marchio dell&#8217;Unione Europea presso l&#8217;EUIPO. La domanda deve essere stata depositata a partire dal 1\u00b0 gennaio 2023, con tasse di deposito gi\u00e0 pagate.<!--TgQPHd|||[]--><\/span><!--TgQPHd|||[]--><\/li>\n<li class=\"Z1qcYe\" data-sfc-cp=\"\" data-sfc-root=\"ep\" data-hveid=\"CAAIExAE\" data-complete=\"true\" data-sae=\"\" data-copy-service-computed-style=\"font-family: &quot;Google Sans&quot;, Arial, sans-serif; font-size: 16px; font-weight: 400; margin: 0px 0px 12px; text-decoration: none; border-bottom: 0px rgb(10, 10, 10);\"><span class=\"iNqyIf\" data-sfc-cp=\"\" data-sfc-root=\"ep\" data-complete=\"true\" data-copy-service-computed-style=\"font-family: &quot;Google Sans&quot;, Arial, sans-serif; font-size: 16px; font-weight: 400; margin: 0px; text-decoration: none; border-bottom: 0px rgb(10, 10, 10);\"><strong class=\"rQesXe MPyX\" data-sfc-cp=\"\" data-sfc-root=\"ep\" data-complete=\"true\" data-copy-service-computed-style=\"font-family: &quot;Google Sans&quot;, Arial, sans-serif; font-size: 16px; font-weight: 700; margin: 0px; text-decoration: none; border-bottom: 0px rgb(10, 10, 10);\">Linea B:<!--TgQPHd|||[]--><\/strong> Registrazione di un marchio internazionale presso l&#8217;OMPI. La pubblicazione sul registro internazionale deve essere avvenuta a partire dal 1\u00b0 gennaio 2023, e deve avere come base un marchio precedentemente registrato o depositato in Italia o a livello UE.<!--TgQPHd|||[]--><\/span><!--TgQPHd|||[]--><\/li>\n<\/ul>\n<\/li>\n<\/ul>\n<p><!--TgQPHd|||[]--><\/p>\n<div class=\"yhAwj\" data-sfc-cp=\"\" data-sfc-root=\"ep\" data-complete=\"true\" data-processed=\"true\" data-sfc-inited=\"2\" data-copy-service-computed-style=\"font-family: &quot;Google Sans&quot;, Arial, sans-serif; font-size: 14px; font-weight: 400; margin: 0px; text-decoration: none; border-bottom: 0px rgb(10, 10, 10);\"><!--TgQPHd|||[]--><\/div>\n<div class=\"AHmQrc\" data-sfc-cp=\"\" data-sfc-root=\"ep\" data-hveid=\"CAAIFBAA\" data-complete=\"true\" data-processed=\"true\" data-copy-service-computed-style=\"font-family: &quot;Google Sans&quot;, Arial, sans-serif; font-size: 14px; font-weight: 400; margin: 0px; text-decoration: none; border-bottom: 0px rgb(10, 10, 10);\">\n<h5 class=\"n6owBd awi2gc\" data-sfc-root=\"ep\" data-hveid=\"CAAIFBAB\" data-complete=\"true\" data-processed=\"true\" data-copy-service-computed-style=\"font-family: &quot;Google Sans&quot;, Arial, sans-serif; font-size: 16px; font-weight: 400; margin: 12px 0px 16px; text-decoration: none; border-bottom: 0px rgb(10, 10, 10);\"><em><strong>Fonte <mark class=\"MAeH\" data-sfc-root=\"ep\" data-wiz-uids=\"COoofc_s\" data-ved=\"2ahUKEwjRmPWTrM-WAxWygP0HHXOhORoQu4cTeggIAggBCBAQAQ\" data-complete=\"true\" data-sae=\"\" data-sfc-inited=\"2\" data-copy-service-computed-style=\"font-family: &quot;Google Sans&quot;, Arial, sans-serif; font-size: 16px; font-weight: 500; margin: 0px; text-decoration: none; border-bottom: 0px rgb(10, 10, 10);\"><strong class=\"rQesXe MPyX\" data-sfc-cp=\"\" data-sfc-root=\"ep\" data-complete=\"true\" data-copy-service-computed-style=\"font-family: &quot;Google Sans&quot;, Arial, sans-serif; font-size: 16px; font-weight: 500; margin: 0px; text-decoration: none; border-bottom: 0px rgb(10, 10, 10);\">Ministero delle Imprese e del Made in Italy<\/strong><\/mark><\/strong><\/em><\/h5>\n<\/div>\n<\/div>\n<p>L&#8217;articolo <a href=\"https:\/\/www.portaleconsulenti.it\/bandi-brevetti-disegni-e-marchi\/\">Bandi Brevetti+, Disegni+ e Marchi+<\/a> proviene da <a href=\"https:\/\/www.portaleconsulenti.it\">Portale Consulenti Sicurezza Qualit\u00e0 Ambiente Bandi<\/a>.<\/p>\n","protected":false},"excerpt":{"rendered":"<p>Il Ministero delle Imprese e del Made in Italy (Mimit) ha rifinanziato i bandi Brevetti+, Disegni+ e Marchi+ con una dotazione complessiva di 32 milioni di euro per l&#8217;annualit\u00e0 2026. Il decreto ministeriale \u00e8 stato pubblicato in Gazzetta Ufficiale il 29 agosto 2026. L&#8217;obiettivo \u00e8 sostenere le micro, piccole e medie imprese italiane nella tutela e nella valorizzazione economica della [&hellip;]<\/p>\n","protected":false},"author":1,"featured_media":5653,"comment_status":"closed","ping_status":"closed","sticky":false,"template":"","format":"standard","meta":{"footnotes":""},"categories":[909],"tags":[],"class_list":["post-5652","post","type-post","status-publish","format-standard","has-post-thumbnail","hentry","category-bandi"],"yoast_head":"<!-- This site is optimized with the Yoast SEO plugin v25.4 - https:\/\/yoast.com\/wordpress\/plugins\/seo\/ -->\n<title>Bandi Brevetti+, Disegni+ e Marchi+ - Ampi Point Servizi emmegi<\/title>\n<meta name=\"robots\" content=\"index, follow, max-snippet:-1, max-image-preview:large, max-video-preview:-1\" \/>\n<link rel=\"canonical\" href=\"https:\/\/www.ampipointservizimg.it\/?p=5652\" \/>\n<meta property=\"og:locale\" content=\"it_IT\" \/>\n<meta property=\"og:type\" content=\"article\" \/>\n<meta property=\"og:title\" content=\"Bandi Brevetti+, Disegni+ e Marchi+ - Ampi Point Servizi emmegi\" \/>\n<meta property=\"og:description\" content=\"Il Ministero delle Imprese e del Made in Italy (Mimit) ha rifinanziato i bandi Brevetti+, Disegni+ e Marchi+ con una dotazione complessiva di 32 milioni di euro per l&#8217;annualit\u00e0 2026. Il decreto ministeriale \u00e8 stato pubblicato in Gazzetta Ufficiale il 29 agosto 2026. L&#8217;obiettivo \u00e8 sostenere le micro, piccole e medie imprese italiane nella tutela e nella valorizzazione economica della [&hellip;]\" \/>\n<meta property=\"og:url\" content=\"https:\/\/www.ampipointservizimg.it\/?p=5652\" \/>\n<meta property=\"og:site_name\" content=\"Ampi Point Servizi emmegi\" \/>\n<meta property=\"article:published_time\" content=\"2026-09-02T05:21:37+00:00\" \/>\n<meta name=\"author\" content=\"root\" \/>\n<meta name=\"twitter:card\" content=\"summary_large_image\" \/>\n<meta name=\"twitter:label1\" content=\"Scritto da\" \/>\n\t<meta name=\"twitter:data1\" content=\"root\" \/>\n\t<meta name=\"twitter:label2\" content=\"Tempo di lettura stimato\" \/>\n\t<meta name=\"twitter:data2\" content=\"3 minuti\" \/>\n<script type=\"application\/ld+json\" class=\"yoast-schema-graph\">{\"@context\":\"https:\/\/schema.org\",\"@graph\":[{\"@type\":\"Article\",\"@id\":\"https:\/\/www.ampipointservizimg.it\/?p=5652#article\",\"isPartOf\":{\"@id\":\"https:\/\/www.ampipointservizimg.it\/?p=5652\"},\"author\":{\"name\":\"root\",\"@id\":\"https:\/\/www.ampipointservizimg.it\/#\/schema\/person\/18ca4daadee2a26b6140c767a12ef6d0\"},\"headline\":\"Bandi Brevetti+, Disegni+ e Marchi+\",\"datePublished\":\"2026-09-02T05:21:37+00:00\",\"mainEntityOfPage\":{\"@id\":\"https:\/\/www.ampipointservizimg.it\/?p=5652\"},\"wordCount\":515,\"publisher\":{\"@id\":\"https:\/\/www.ampipointservizimg.it\/#organization\"},\"image\":{\"@id\":\"https:\/\/www.ampipointservizimg.it\/?p=5652#primaryimage\"},\"thumbnailUrl\":\"https:\/\/www.ampipointservizimg.it\/wp-content\/uploads\/2026\/09\/bandobrevettimarchi-1024x576-1.jpg\",\"articleSection\":[\"bandi\"],\"inLanguage\":\"it-IT\"},{\"@type\":\"WebPage\",\"@id\":\"https:\/\/www.ampipointservizimg.it\/?p=5652\",\"url\":\"https:\/\/www.ampipointservizimg.it\/?p=5652\",\"name\":\"Bandi Brevetti+, Disegni+ e Marchi+ - Ampi Point Servizi emmegi\",\"isPartOf\":{\"@id\":\"https:\/\/www.ampipointservizimg.it\/#website\"},\"primaryImageOfPage\":{\"@id\":\"https:\/\/www.ampipointservizimg.it\/?p=5652#primaryimage\"},\"image\":{\"@id\":\"https:\/\/www.ampipointservizimg.it\/?p=5652#primaryimage\"},\"thumbnailUrl\":\"https:\/\/www.ampipointservizimg.it\/wp-content\/uploads\/2026\/09\/bandobrevettimarchi-1024x576-1.jpg\",\"datePublished\":\"2026-09-02T05:21:37+00:00\",\"breadcrumb\":{\"@id\":\"https:\/\/www.ampipointservizimg.it\/?p=5652#breadcrumb\"},\"inLanguage\":\"it-IT\",\"potentialAction\":[{\"@type\":\"ReadAction\",\"target\":[\"https:\/\/www.ampipointservizimg.it\/?p=5652\"]}]},{\"@type\":\"ImageObject\",\"inLanguage\":\"it-IT\",\"@id\":\"https:\/\/www.ampipointservizimg.it\/?p=5652#primaryimage\",\"url\":\"https:\/\/www.ampipointservizimg.it\/wp-content\/uploads\/2026\/09\/bandobrevettimarchi-1024x576-1.jpg\",\"contentUrl\":\"https:\/\/www.ampipointservizimg.it\/wp-content\/uploads\/2026\/09\/bandobrevettimarchi-1024x576-1.jpg\",\"width\":1024,\"height\":576},{\"@type\":\"BreadcrumbList\",\"@id\":\"https:\/\/www.ampipointservizimg.it\/?p=5652#breadcrumb\",\"itemListElement\":[{\"@type\":\"ListItem\",\"position\":1,\"name\":\"Home\",\"item\":\"https:\/\/www.ampipointservizimg.it\/\"},{\"@type\":\"ListItem\",\"position\":2,\"name\":\"Bandi Brevetti+, Disegni+ e Marchi+\"}]},{\"@type\":\"WebSite\",\"@id\":\"https:\/\/www.ampipointservizimg.it\/#website\",\"url\":\"https:\/\/www.ampipointservizimg.it\/\",\"name\":\"Ampi Point Servizi emmegi\",\"description\":\"\",\"publisher\":{\"@id\":\"https:\/\/www.ampipointservizimg.it\/#organization\"},\"potentialAction\":[{\"@type\":\"SearchAction\",\"target\":{\"@type\":\"EntryPoint\",\"urlTemplate\":\"https:\/\/www.ampipointservizimg.it\/?s={search_term_string}\"},\"query-input\":{\"@type\":\"PropertyValueSpecification\",\"valueRequired\":true,\"valueName\":\"search_term_string\"}}],\"inLanguage\":\"it-IT\"},{\"@type\":\"Organization\",\"@id\":\"https:\/\/www.ampipointservizimg.it\/#organization\",\"name\":\"Sviluppo Qualit\u00e0\",\"alternateName\":\"Sviluppo Qualit\u00e0\",\"url\":\"https:\/\/www.ampipointservizimg.it\/\",\"logo\":{\"@type\":\"ImageObject\",\"inLanguage\":\"it-IT\",\"@id\":\"https:\/\/www.ampipointservizimg.it\/#\/schema\/logo\/image\/\",\"url\":\"https:\/\/www.ampipointservizimg.it\/wp-content\/uploads\/2025\/06\/cropped-logo_con_ampi-1.png\",\"contentUrl\":\"https:\/\/www.ampipointservizimg.it\/wp-content\/uploads\/2025\/06\/cropped-logo_con_ampi-1.png\",\"width\":2269,\"height\":544,\"caption\":\"Sviluppo Qualit\u00e0\"},\"image\":{\"@id\":\"https:\/\/www.ampipointservizimg.it\/#\/schema\/logo\/image\/\"}},{\"@type\":\"Person\",\"@id\":\"https:\/\/www.ampipointservizimg.it\/#\/schema\/person\/18ca4daadee2a26b6140c767a12ef6d0\",\"name\":\"root\",\"image\":{\"@type\":\"ImageObject\",\"inLanguage\":\"it-IT\",\"@id\":\"https:\/\/www.ampipointservizimg.it\/#\/schema\/person\/image\/\",\"url\":\"https:\/\/secure.gravatar.com\/avatar\/27751c6c6684c8301e7d16e60b79cf93257a7ceb429a4260c55200547b9c1899?s=96&d=mm&r=g\",\"contentUrl\":\"https:\/\/secure.gravatar.com\/avatar\/27751c6c6684c8301e7d16e60b79cf93257a7ceb429a4260c55200547b9c1899?s=96&d=mm&r=g\",\"caption\":\"root\"},\"sameAs\":[\"https:\/\/confcoperativecampaniaservizi.it\"],\"url\":\"https:\/\/www.ampipointservizimg.it\/?author=1\"}]}<\/script>\n<!-- \/ Yoast SEO plugin. -->","yoast_head_json":{"title":"Bandi Brevetti+, Disegni+ e Marchi+ - Ampi Point Servizi emmegi","robots":{"index":"index","follow":"follow","max-snippet":"max-snippet:-1","max-image-preview":"max-image-preview:large","max-video-preview":"max-video-preview:-1"},"canonical":"https:\/\/www.ampipointservizimg.it\/?p=5652","og_locale":"it_IT","og_type":"article","og_title":"Bandi Brevetti+, Disegni+ e Marchi+ - Ampi Point Servizi emmegi","og_description":"Il Ministero delle Imprese e del Made in Italy (Mimit) ha rifinanziato i bandi Brevetti+, Disegni+ e Marchi+ con una dotazione complessiva di 32 milioni di euro per l&#8217;annualit\u00e0 2026. Il decreto ministeriale \u00e8 stato pubblicato in Gazzetta Ufficiale il 29 agosto 2026. L&#8217;obiettivo \u00e8 sostenere le micro, piccole e medie imprese italiane nella tutela e nella valorizzazione economica della [&hellip;]","og_url":"https:\/\/www.ampipointservizimg.it\/?p=5652","og_site_name":"Ampi Point Servizi emmegi","article_published_time":"2026-09-02T05:21:37+00:00","author":"root","twitter_card":"summary_large_image","twitter_misc":{"Scritto da":"root","Tempo di lettura stimato":"3 minuti"},"schema":{"@context":"https:\/\/schema.org","@graph":[{"@type":"Article","@id":"https:\/\/www.ampipointservizimg.it\/?p=5652#article","isPartOf":{"@id":"https:\/\/www.ampipointservizimg.it\/?p=5652"},"author":{"name":"root","@id":"https:\/\/www.ampipointservizimg.it\/#\/schema\/person\/18ca4daadee2a26b6140c767a12ef6d0"},"headline":"Bandi Brevetti+, Disegni+ e Marchi+","datePublished":"2026-09-02T05:21:37+00:00","mainEntityOfPage":{"@id":"https:\/\/www.ampipointservizimg.it\/?p=5652"},"wordCount":515,"publisher":{"@id":"https:\/\/www.ampipointservizimg.it\/#organization"},"image":{"@id":"https:\/\/www.ampipointservizimg.it\/?p=5652#primaryimage"},"thumbnailUrl":"https:\/\/www.ampipointservizimg.it\/wp-content\/uploads\/2026\/09\/bandobrevettimarchi-1024x576-1.jpg","articleSection":["bandi"],"inLanguage":"it-IT"},{"@type":"WebPage","@id":"https:\/\/www.ampipointservizimg.it\/?p=5652","url":"https:\/\/www.ampipointservizimg.it\/?p=5652","name":"Bandi Brevetti+, Disegni+ e Marchi+ - Ampi Point Servizi emmegi","isPartOf":{"@id":"https:\/\/www.ampipointservizimg.it\/#website"},"primaryImageOfPage":{"@id":"https:\/\/www.ampipointservizimg.it\/?p=5652#primaryimage"},"image":{"@id":"https:\/\/www.ampipointservizimg.it\/?p=5652#primaryimage"},"thumbnailUrl":"https:\/\/www.ampipointservizimg.it\/wp-content\/uploads\/2026\/09\/bandobrevettimarchi-1024x576-1.jpg","datePublished":"2026-09-02T05:21:37+00:00","breadcrumb":{"@id":"https:\/\/www.ampipointservizimg.it\/?p=5652#breadcrumb"},"inLanguage":"it-IT","potentialAction":[{"@type":"ReadAction","target":["https:\/\/www.ampipointservizimg.it\/?p=5652"]}]},{"@type":"ImageObject","inLanguage":"it-IT","@id":"https:\/\/www.ampipointservizimg.it\/?p=5652#primaryimage","url":"https:\/\/www.ampipointservizimg.it\/wp-content\/uploads\/2026\/09\/bandobrevettimarchi-1024x576-1.jpg","contentUrl":"https:\/\/www.ampipointservizimg.it\/wp-content\/uploads\/2026\/09\/bandobrevettimarchi-1024x576-1.jpg","width":1024,"height":576},{"@type":"BreadcrumbList","@id":"https:\/\/www.ampipointservizimg.it\/?p=5652#breadcrumb","itemListElement":[{"@type":"ListItem","position":1,"name":"Home","item":"https:\/\/www.ampipointservizimg.it\/"},{"@type":"ListItem","position":2,"name":"Bandi Brevetti+, Disegni+ e Marchi+"}]},{"@type":"WebSite","@id":"https:\/\/www.ampipointservizimg.it\/#website","url":"https:\/\/www.ampipointservizimg.it\/","name":"Ampi Point Servizi emmegi","description":"","publisher":{"@id":"https:\/\/www.ampipointservizimg.it\/#organization"},"potentialAction":[{"@type":"SearchAction","target":{"@type":"EntryPoint","urlTemplate":"https:\/\/www.ampipointservizimg.it\/?s={search_term_string}"},"query-input":{"@type":"PropertyValueSpecification","valueRequired":true,"valueName":"search_term_string"}}],"inLanguage":"it-IT"},{"@type":"Organization","@id":"https:\/\/www.ampipointservizimg.it\/#organization","name":"Sviluppo Qualit\u00e0","alternateName":"Sviluppo Qualit\u00e0","url":"https:\/\/www.ampipointservizimg.it\/","logo":{"@type":"ImageObject","inLanguage":"it-IT","@id":"https:\/\/www.ampipointservizimg.it\/#\/schema\/logo\/image\/","url":"https:\/\/www.ampipointservizimg.it\/wp-content\/uploads\/2025\/06\/cropped-logo_con_ampi-1.png","contentUrl":"https:\/\/www.ampipointservizimg.it\/wp-content\/uploads\/2025\/06\/cropped-logo_con_ampi-1.png","width":2269,"height":544,"caption":"Sviluppo Qualit\u00e0"},"image":{"@id":"https:\/\/www.ampipointservizimg.it\/#\/schema\/logo\/image\/"}},{"@type":"Person","@id":"https:\/\/www.ampipointservizimg.it\/#\/schema\/person\/18ca4daadee2a26b6140c767a12ef6d0","name":"root","image":{"@type":"ImageObject","inLanguage":"it-IT","@id":"https:\/\/www.ampipointservizimg.it\/#\/schema\/person\/image\/","url":"https:\/\/secure.gravatar.com\/avatar\/27751c6c6684c8301e7d16e60b79cf93257a7ceb429a4260c55200547b9c1899?s=96&d=mm&r=g","contentUrl":"https:\/\/secure.gravatar.com\/avatar\/27751c6c6684c8301e7d16e60b79cf93257a7ceb429a4260c55200547b9c1899?s=96&d=mm&r=g","caption":"root"},"sameAs":["https:\/\/confcoperativecampaniaservizi.it"],"url":"https:\/\/www.ampipointservizimg.it\/?author=1"}]}},"_links":{"self":[{"href":"https:\/\/www.ampipointservizimg.it\/index.php?rest_route=\/wp\/v2\/posts\/5652","targetHints":{"allow":["GET"]}}],"collection":[{"href":"https:\/\/www.ampipointservizimg.it\/index.php?rest_route=\/wp\/v2\/posts"}],"about":[{"href":"https:\/\/www.ampipointservizimg.it\/index.php?rest_route=\/wp\/v2\/types\/post"}],"author":[{"embeddable":true,"href":"https:\/\/www.ampipointservizimg.it\/index.php?rest_route=\/wp\/v2\/users\/1"}],"replies":[{"embeddable":true,"href":"https:\/\/www.ampipointservizimg.it\/index.php?rest_route=%2Fwp%2Fv2%2Fcomments&post=5652"}],"version-history":[{"count":0,"href":"https:\/\/www.ampipointservizimg.it\/index.php?rest_route=\/wp\/v2\/posts\/5652\/revisions"}],"wp:featuredmedia":[{"embeddable":true,"href":"https:\/\/www.ampipointservizimg.it\/index.php?rest_route=\/wp\/v2\/media\/5653"}],"wp:attachment":[{"href":"https:\/\/www.ampipointservizimg.it\/index.php?rest_route=%2Fwp%2Fv2%2Fmedia&parent=5652"}],"wp:term":[{"taxonomy":"category","embeddable":true,"href":"https:\/\/www.ampipointservizimg.it\/index.php?rest_route=%2Fwp%2Fv2%2Fcategories&post=5652"},{"taxonomy":"post_tag","embeddable":true,"href":"https:\/\/www.ampipointservizimg.it\/index.php?rest_route=%2Fwp%2Fv2%2Ftags&post=5652"}],"curies":[{"name":"wp","href":"https:\/\/api.w.org\/{rel}","templated":true}]}}